{"id":10495,"date":"2026-01-02T16:17:25","date_gmt":"2026-01-02T19:17:25","guid":{"rendered":"https:\/\/fabricadescripts.com.br\/igrejas\/IGRE3535\/antissemitismo-dispara-600-na-australia-apos-ataque-durante-hanukkah\/"},"modified":"2026-01-02T16:17:25","modified_gmt":"2026-01-02T19:17:25","slug":"antissemitismo-dispara-600-na-australia-apos-ataque-durante-hanukkah","status":"publish","type":"post","link":"https:\/\/fabricadescripts.com.br\/igrejas\/IGRE3535\/antissemitismo-dispara-600-na-australia-apos-ataque-durante-hanukkah\/","title":{"rendered":"Antissemitismo dispara 600% na Austr\u00e1lia ap\u00f3s ataque durante Hanukkah"},"content":{"rendered":"<div>\n<p><span>Os incidentes antissemitas na Austr\u00e1lia registraram um aumento de 600% ap\u00f3s o ataque terrorista ocorrido durante o <\/span><span><strong>Hanukkah na praia de Bondi<\/strong><\/span><span>, em Sydney. Os dados foram divulgados pelo Minist\u00e9rio da Di\u00e1spora e do Combate ao Antissemitismo de Israel.\u00a0<\/span><\/p>\n<p><span>Segundo o levantamento, nos dois dias seguintes ao massacre, houve uma escalada significativa de manifesta\u00e7\u00f5es de \u00f3dio contra judeus, incluindo epis\u00f3dios de viol\u00eancia f\u00edsica e verbal em espa\u00e7os p\u00fablicos.<\/span><\/p>\n<p><span>Antes do atentado terrorista, cerca de 3.000 publica\u00e7\u00f5es com men\u00e7\u00f5es antissemitas eram registradas diariamente nas redes sociais na Austr\u00e1lia. No dia do ataque, esse n\u00famero saltou para 17.100 postagens, representando um <\/span><strong><span>aumento<\/span> <\/strong><span>de 420%. No dia seguinte, o volume ultrapassou 21.500 publica\u00e7\u00f5es, registrando um crescimento de 600%.<\/span><\/p>\n<p><span>Mesmo ap\u00f3s a remo\u00e7\u00e3o de parte do conte\u00fado por plataformas de m\u00eddia social, devido \u00e0s pol\u00edticas de modera\u00e7\u00e3o, a quantidade de discurso antissemita permaneceu cinco vezes maior \u00e0 m\u00e9dia registrada antes do massacre.<\/span><\/p>\n<p><span>Os dados foram coletados por um sistema de monitoramento cont\u00ednuo que identificou termos diretamente associados ao discurso antissemita, incluindo insultos como \u201cjudeuzinho\u201d e express\u00f5es de nega\u00e7\u00e3o do Holocausto, filtrando men\u00e7\u00f5es neutras.<\/span><\/p>\n<p><span>Com isso, o Minist\u00e9rio dos Assuntos da Di\u00e1spora destacou que a onda de \u00f3dio n\u00e3o ficou restrita ao ambiente digital. Segundo o \u00f3rg\u00e3o, o aumento do discurso antissemita online foi acompanhado por agress\u00f5es verbais presenciais contra estudantes judeus e por atos de vandalismo contra propriedades, gerando um <\/span><span><strong>clima de inseguran\u00e7a<\/strong><\/span><span> entre membros da comunidade judaica local.<\/span><\/p>\n<p><strong>\u2018Alerta e apoio aos judeus\u2019<\/strong><\/p>\n<p><span>Diante deste cen\u00e1rio, o minist\u00e9rio informou que est\u00e1 atuando em coopera\u00e7\u00e3o com a comunidade judaica australiana e com outros minist\u00e9rios do governo israelense para emitir alertas e oferecer apoio a institui\u00e7\u00f5es educacionais e comunit\u00e1rias.<\/span><\/p>\n<p><span>O ministro dos Assuntos da Di\u00e1spora e do Combate ao Antissemitismo, Amichai Chikli, abordou a gravidade da situa\u00e7\u00e3o. Para ele, as estat\u00edsticas revelam a profundidade do problema.<\/span><\/p>\n<p><span>&#8220;O governo australiano n\u00e3o est\u00e1 fazendo o suficiente para erradicar o fen\u00f4meno em sua origem&#8221;, declarou Chikli.<\/span><\/p>\n<p><span>Segundo o ministro, &#8220;a incita\u00e7\u00e3o online faz parte de uma perigosa teia de \u00f3dio que aumenta a <\/span><span><strong>amea\u00e7a \u00e0 comunidade judaica<\/strong><\/span><span>. Este \u00e9 um momento para a\u00e7\u00f5es concretas e determinadas&#8221;.<\/span><\/p>\n<\/div>\n","protected":false},"excerpt":{"rendered":"<p>Os incidentes antissemitas na Austr\u00e1lia registraram um aumento de 600% ap\u00f3s o ataque terrorista ocorrido durante o Hanukkah na praia de Bondi, em Sydney. Os dados foram divulgados pelo Minist\u00e9rio da Di\u00e1spora e do Combate ao Antissemitismo de Israel.\u00a0 Segundo o levantamento, nos dois dias seguintes ao massacre, houve uma escalada significativa de manifesta\u00e7\u00f5es de \u00f3dio contra judeus, incluindo epis\u00f3dios de viol\u00eancia f\u00edsica e verbal em espa\u00e7os p\u00fablicos. Antes do atentado terrorista, cerca de 3.000 publica\u00e7\u00f5es com men\u00e7\u00f5es antissemitas eram registradas diariamente nas redes sociais na Austr\u00e1lia. No dia do ataque, esse n\u00famero saltou para 17.100 postagens, representando um aumento de 420%. No dia seguinte, o volume ultrapassou 21.500 publica\u00e7\u00f5es, registrando um crescimento de 600%. Mesmo ap\u00f3s a remo\u00e7\u00e3o de parte do conte\u00fado por plataformas de m\u00eddia social, devido \u00e0s pol\u00edticas de modera\u00e7\u00e3o, a quantidade de discurso antissemita permaneceu cinco vezes maior \u00e0 m\u00e9dia registrada antes do massacre. Os dados foram coletados por um sistema de monitoramento cont\u00ednuo que identificou termos diretamente associados ao discurso antissemita, incluindo insultos como \u201cjudeuzinho\u201d e express\u00f5es de nega\u00e7\u00e3o do Holocausto, filtrando men\u00e7\u00f5es neutras. Com isso, o Minist\u00e9rio dos Assuntos da Di\u00e1spora destacou que a onda de \u00f3dio n\u00e3o ficou restrita ao ambiente digital. Segundo o \u00f3rg\u00e3o, o aumento do discurso antissemita online foi acompanhado por agress\u00f5es verbais presenciais contra estudantes judeus e por atos de vandalismo contra propriedades, gerando um clima de inseguran\u00e7a entre membros da comunidade judaica local. \u2018Alerta e apoio aos judeus\u2019 Diante deste cen\u00e1rio, o minist\u00e9rio informou que est\u00e1 atuando em coopera\u00e7\u00e3o com a comunidade judaica australiana e com outros minist\u00e9rios do governo israelense para emitir alertas e oferecer apoio a institui\u00e7\u00f5es educacionais e comunit\u00e1rias. O ministro dos Assuntos da Di\u00e1spora e do Combate ao Antissemitismo, Amichai Chikli, abordou a gravidade da situa\u00e7\u00e3o. Para ele, as estat\u00edsticas revelam a profundidade do problema. &#8220;O governo australiano n\u00e3o est\u00e1 fazendo o suficiente para erradicar o fen\u00f4meno em sua origem&#8221;, declarou Chikli. Segundo o ministro, &#8220;a incita\u00e7\u00e3o online faz parte de uma perigosa teia de \u00f3dio que aumenta a amea\u00e7a \u00e0 comunidade judaica. Este \u00e9 um momento para a\u00e7\u00f5es concretas e determinadas&#8221;.<\/p>\n","protected":false},"author":1,"featured_media":10496,"comment_status":"closed","ping_status":"closed","sticky":false,"template":"","format":"standard","meta":{"footnotes":""},"categories":[13],"tags":[],"class_list":["post-10495","post","type-post","status-publish","format-standard","has-post-thumbnail","hentry","category-israel"],"acf":[],"_links":{"self":[{"href":"https:\/\/fabricadescripts.com.br\/igrejas\/IGRE3535\/wp-json\/wp\/v2\/posts\/10495","targetHints":{"allow":["GET"]}}],"collection":[{"href":"https:\/\/fabricadescripts.com.br\/igrejas\/IGRE3535\/wp-json\/wp\/v2\/posts"}],"about":[{"href":"https:\/\/fabricadescripts.com.br\/igrejas\/IGRE3535\/wp-json\/wp\/v2\/types\/post"}],"author":[{"embeddable":true,"href":"https:\/\/fabricadescripts.com.br\/igrejas\/IGRE3535\/wp-json\/wp\/v2\/users\/1"}],"replies":[{"embeddable":true,"href":"https:\/\/fabricadescripts.com.br\/igrejas\/IGRE3535\/wp-json\/wp\/v2\/comments?post=10495"}],"version-history":[{"count":0,"href":"https:\/\/fabricadescripts.com.br\/igrejas\/IGRE3535\/wp-json\/wp\/v2\/posts\/10495\/revisions"}],"wp:featuredmedia":[{"embeddable":true,"href":"https:\/\/fabricadescripts.com.br\/igrejas\/IGRE3535\/wp-json\/wp\/v2\/media\/10496"}],"wp:attachment":[{"href":"https:\/\/fabricadescripts.com.br\/igrejas\/IGRE3535\/wp-json\/wp\/v2\/media?parent=10495"}],"wp:term":[{"taxonomy":"category","embeddable":true,"href":"https:\/\/fabricadescripts.com.br\/igrejas\/IGRE3535\/wp-json\/wp\/v2\/categories?post=10495"},{"taxonomy":"post_tag","embeddable":true,"href":"https:\/\/fabricadescripts.com.br\/igrejas\/IGRE3535\/wp-json\/wp\/v2\/tags?post=10495"}],"curies":[{"name":"wp","href":"https:\/\/api.w.org\/{rel}","templated":true}]}}