{"id":10493,"date":"2026-01-02T16:17:26","date_gmt":"2026-01-02T19:17:26","guid":{"rendered":"https:\/\/fabricadescripts.com.br\/igrejas\/IGRE3535\/ministro-de-israel-pede-que-judeus-migrem-apos-onda-antissemita-voltem-para-casa\/"},"modified":"2026-01-02T16:17:26","modified_gmt":"2026-01-02T19:17:26","slug":"ministro-de-israel-pede-que-judeus-migrem-apos-onda-antissemita-voltem-para-casa","status":"publish","type":"post","link":"https:\/\/fabricadescripts.com.br\/igrejas\/IGRE3535\/ministro-de-israel-pede-que-judeus-migrem-apos-onda-antissemita-voltem-para-casa\/","title":{"rendered":"Ministro de Israel pede que judeus migrem ap\u00f3s onda antissemita: \u201cVoltem para casa\u201d"},"content":{"rendered":"<div>\n<p><span>O ministro das Rela\u00e7\u00f5es Exteriores de Israel pediu aos<\/span><span><strong> judeus<\/strong><\/span><span> ao redor do mundo que fa\u00e7am <\/span><span><strong>ali\u00e1<\/strong><\/span><span> para a na\u00e7\u00e3o israelense em meio ao aumento do <\/span><span><strong>antissemitismo<\/strong><\/span><span> global.<\/span><\/p>\n<p><span>Ali\u00e1 \u00e9 termo hebraico para a imigra\u00e7\u00e3o judaica para Israel. Conforme a Lei do Retorno de Israel de 1950, qualquer pessoa judia no mundo tem o direito de imigrar para o pa\u00eds.<\/span><\/p>\n<p><span>Durante um evento de acendimento de velas no Hanukkah na cidade de Rishon LeZion, em 21 de dezembro, Gideon Saar afirmou que a comunidade judaica n\u00e3o est\u00e1 mais segura em outros pa\u00edses.<\/span><\/p>\n<p><span>&#8220;No \u00faltimo ano, concentramos esfor\u00e7os na luta contra o aumento do antissemitismo ao redor do mundo. Em maio, convoquei uma grande confer\u00eancia internacional sobre o tema aqui em Jerusal\u00e9m. Exigimos que governos estrangeiros tomassem medidas reais contra o novo antissemitismo. Poucos o fizeram. A maioria permitiu uma onda desenfreada de antissemitismo aberto na esfera p\u00fablica\u201d, disse Saar.<\/span><\/p>\n<p><span>Segundo o ministro, com o crescimento do \u00f3dio antissemita, os judeus se tornaram alvos em diversos pa\u00edses ocidentais.<\/span><\/p>\n<p><span>&#8220;Os judeus t\u00eam o direito de viver em seguran\u00e7a em qualquer lugar. Mas vemos e entendemos plenamente o que est\u00e1 acontecendo, e temos uma certa experi\u00eancia hist\u00f3rica. Hoje, judeus est\u00e3o sendo ca\u00e7ados pelo mundo\u201d, ressaltou ele.<\/span><\/p>\n<p><span>Gideon Saar se dirigiu \u00e0s comunidades judaicas em pa\u00edses espec\u00edficos e as convocou para se mudarem para Israel.<\/span><\/p>\n<p><span>\u201cHoje fa\u00e7o um apelo aos judeus na Inglaterra, judeus na Fran\u00e7a, judeus na Austr\u00e1lia, judeus no Canad\u00e1, judeus na B\u00e9lgica: venham \u00e0 Terra de Israel! Voltem para casa. Estamos esperando por voc\u00eas aqui de bra\u00e7os abertos, com amor, no verdadeiro lar do povo judeu&#8221;, declarou.<\/span><\/p>\n<p><span>E acrescentou: \u201cPor que criar seus filhos nesse ambiente? Venham com suas fam\u00edlias para a terra de nossos antepassados, para o Estado de Israel, onde os judeus ensinaram ao mundo inteiro o que significa autodefesa judaica. Chegou a hora&#8221;.<\/span><\/p>\n<p><span>O apelo do ministro das Rela\u00e7\u00f5es Exteriores de Israel ocorreu uma semana depois do <\/span><span><strong>ataque terrorista em um festival judaico<\/strong><\/span><span> na praia de Bondi, em Sydney, que matou 15 pessoas.<\/span><\/p>\n<p><span>De acordo com a Ag\u00eancia Judaica, que realiza a ali\u00e1, h\u00e1 oito milh\u00f5es de judeus no mundo eleg\u00edveis para realizarem a imigra\u00e7\u00e3o.<\/span><\/p>\n<p><span>Em entrevista recente \u00e0 CBN News, Danielle Mor, a vice-presidente de Israel Allies and Global Philanthropy na Ag\u00eancia Judaica, afirmou que espera que um milh\u00e3o de judeus fa\u00e7am ali\u00e1 nos pr\u00f3ximos cinco anos.<\/span><\/p>\n<p><span>Mor explicou que judeus migram para Israel atra\u00eddos por fatores positivos, como senso de identidade, ou pressionados por preocupa\u00e7\u00f5es com seguran\u00e7a, economia e aumento do antissemitismo.<\/span><\/p>\n<p><strong>Voltando para casa<\/strong><\/p>\n<p><span>Neste ano, 4.150 judeus da Am\u00e9rica do Norte fizeram ali\u00e1 em 2025, segundo a Nefesh B&#8217;Nefesh, uma organiza\u00e7\u00e3o que ajuda na imigra\u00e7\u00e3o judaica. O n\u00famero representa um aumento de mais de 12% em compara\u00e7\u00e3o com o ano passado.<\/span><\/p>\n<p><span>Entre os judeus da Europa Ocidental \u2013 incluindo Gr\u00e3-Bretanha, Fran\u00e7a, Su\u00ed\u00e7a e Holanda \u2013 a imigra\u00e7\u00e3o para Israel t\u00eam aumentado nos \u00faltimos anos.<\/span><\/p>\n<p><span>Em 2024, o total de imigrantes da Europa Ocidental chegou a 3.746, um aumento de 68% em rela\u00e7\u00e3o aos 2.227 registrados em 2023. Apenas da Fran\u00e7a, 2.178 judeus imigraram no ano passado, quase o dobro dos 1.097 de 2023, representando um aumento de 99%.<\/span><\/p>\n<\/div>\n","protected":false},"excerpt":{"rendered":"<p>O ministro das Rela\u00e7\u00f5es Exteriores de Israel pediu aos judeus ao redor do mundo que fa\u00e7am ali\u00e1 para a na\u00e7\u00e3o israelense em meio ao aumento do antissemitismo global. Ali\u00e1 \u00e9 termo hebraico para a imigra\u00e7\u00e3o judaica para Israel. Conforme a Lei do Retorno de Israel de 1950, qualquer pessoa judia no mundo tem o direito de imigrar para o pa\u00eds. Durante um evento de acendimento de velas no Hanukkah na cidade de Rishon LeZion, em 21 de dezembro, Gideon Saar afirmou que a comunidade judaica n\u00e3o est\u00e1 mais segura em outros pa\u00edses. &#8220;No \u00faltimo ano, concentramos esfor\u00e7os na luta contra o aumento do antissemitismo ao redor do mundo. Em maio, convoquei uma grande confer\u00eancia internacional sobre o tema aqui em Jerusal\u00e9m. Exigimos que governos estrangeiros tomassem medidas reais contra o novo antissemitismo. Poucos o fizeram. A maioria permitiu uma onda desenfreada de antissemitismo aberto na esfera p\u00fablica\u201d, disse Saar. Segundo o ministro, com o crescimento do \u00f3dio antissemita, os judeus se tornaram alvos em diversos pa\u00edses ocidentais. &#8220;Os judeus t\u00eam o direito de viver em seguran\u00e7a em qualquer lugar. Mas vemos e entendemos plenamente o que est\u00e1 acontecendo, e temos uma certa experi\u00eancia hist\u00f3rica. Hoje, judeus est\u00e3o sendo ca\u00e7ados pelo mundo\u201d, ressaltou ele. Gideon Saar se dirigiu \u00e0s comunidades judaicas em pa\u00edses espec\u00edficos e as convocou para se mudarem para Israel. \u201cHoje fa\u00e7o um apelo aos judeus na Inglaterra, judeus na Fran\u00e7a, judeus na Austr\u00e1lia, judeus no Canad\u00e1, judeus na B\u00e9lgica: venham \u00e0 Terra de Israel! Voltem para casa. Estamos esperando por voc\u00eas aqui de bra\u00e7os abertos, com amor, no verdadeiro lar do povo judeu&#8221;, declarou. E acrescentou: \u201cPor que criar seus filhos nesse ambiente? Venham com suas fam\u00edlias para a terra de nossos antepassados, para o Estado de Israel, onde os judeus ensinaram ao mundo inteiro o que significa autodefesa judaica. Chegou a hora&#8221;. O apelo do ministro das Rela\u00e7\u00f5es Exteriores de Israel ocorreu uma semana depois do ataque terrorista em um festival judaico na praia de Bondi, em Sydney, que matou 15 pessoas. De acordo com a Ag\u00eancia Judaica, que realiza a ali\u00e1, h\u00e1 oito milh\u00f5es de judeus no mundo eleg\u00edveis para realizarem a imigra\u00e7\u00e3o. Em entrevista recente \u00e0 CBN News, Danielle Mor, a vice-presidente de Israel Allies and Global Philanthropy na Ag\u00eancia Judaica, afirmou que espera que um milh\u00e3o de judeus fa\u00e7am ali\u00e1 nos pr\u00f3ximos cinco anos. Mor explicou que judeus migram para Israel atra\u00eddos por fatores positivos, como senso de identidade, ou pressionados por preocupa\u00e7\u00f5es com seguran\u00e7a, economia e aumento do antissemitismo. Voltando para casa Neste ano, 4.150 judeus da Am\u00e9rica do Norte fizeram ali\u00e1 em 2025, segundo a Nefesh B&#8217;Nefesh, uma organiza\u00e7\u00e3o que ajuda na imigra\u00e7\u00e3o judaica. O n\u00famero representa um aumento de mais de 12% em compara\u00e7\u00e3o com o ano passado. Entre os judeus da Europa Ocidental \u2013 incluindo Gr\u00e3-Bretanha, Fran\u00e7a, Su\u00ed\u00e7a e Holanda \u2013 a imigra\u00e7\u00e3o para Israel t\u00eam aumentado nos \u00faltimos anos. Em 2024, o total de imigrantes da Europa Ocidental chegou a 3.746, um aumento de 68% em rela\u00e7\u00e3o aos 2.227 registrados em 2023. Apenas da Fran\u00e7a, 2.178 judeus imigraram no ano passado, quase o dobro dos 1.097 de 2023, representando um aumento de 99%.<\/p>\n","protected":false},"author":1,"featured_media":10494,"comment_status":"closed","ping_status":"closed","sticky":false,"template":"","format":"standard","meta":{"footnotes":""},"categories":[13],"tags":[],"class_list":["post-10493","post","type-post","status-publish","format-standard","has-post-thumbnail","hentry","category-israel"],"acf":[],"_links":{"self":[{"href":"https:\/\/fabricadescripts.com.br\/igrejas\/IGRE3535\/wp-json\/wp\/v2\/posts\/10493","targetHints":{"allow":["GET"]}}],"collection":[{"href":"https:\/\/fabricadescripts.com.br\/igrejas\/IGRE3535\/wp-json\/wp\/v2\/posts"}],"about":[{"href":"https:\/\/fabricadescripts.com.br\/igrejas\/IGRE3535\/wp-json\/wp\/v2\/types\/post"}],"author":[{"embeddable":true,"href":"https:\/\/fabricadescripts.com.br\/igrejas\/IGRE3535\/wp-json\/wp\/v2\/users\/1"}],"replies":[{"embeddable":true,"href":"https:\/\/fabricadescripts.com.br\/igrejas\/IGRE3535\/wp-json\/wp\/v2\/comments?post=10493"}],"version-history":[{"count":0,"href":"https:\/\/fabricadescripts.com.br\/igrejas\/IGRE3535\/wp-json\/wp\/v2\/posts\/10493\/revisions"}],"wp:featuredmedia":[{"embeddable":true,"href":"https:\/\/fabricadescripts.com.br\/igrejas\/IGRE3535\/wp-json\/wp\/v2\/media\/10494"}],"wp:attachment":[{"href":"https:\/\/fabricadescripts.com.br\/igrejas\/IGRE3535\/wp-json\/wp\/v2\/media?parent=10493"}],"wp:term":[{"taxonomy":"category","embeddable":true,"href":"https:\/\/fabricadescripts.com.br\/igrejas\/IGRE3535\/wp-json\/wp\/v2\/categories?post=10493"},{"taxonomy":"post_tag","embeddable":true,"href":"https:\/\/fabricadescripts.com.br\/igrejas\/IGRE3535\/wp-json\/wp\/v2\/tags?post=10493"}],"curies":[{"name":"wp","href":"https:\/\/api.w.org\/{rel}","templated":true}]}}