{"id":10487,"date":"2026-01-02T16:17:24","date_gmt":"2026-01-02T19:17:24","guid":{"rendered":"https:\/\/fabricadescripts.com.br\/igrejas\/IGRE3535\/apos-vitoria-do-arsenal-gabriel-jesus-declara-fe-ao-exibir-camisa-eu-pertenco-a-jesus\/"},"modified":"2026-01-02T16:17:24","modified_gmt":"2026-01-02T19:17:24","slug":"apos-vitoria-do-arsenal-gabriel-jesus-declara-fe-ao-exibir-camisa-eu-pertenco-a-jesus","status":"publish","type":"post","link":"https:\/\/fabricadescripts.com.br\/igrejas\/IGRE3535\/apos-vitoria-do-arsenal-gabriel-jesus-declara-fe-ao-exibir-camisa-eu-pertenco-a-jesus\/","title":{"rendered":"Ap\u00f3s vit\u00f3ria do Arsenal, Gabriel Jesus declara f\u00e9 ao exibir camisa \u201cEu perten\u00e7o a Jesus\u201d"},"content":{"rendered":"<div>\n<p><span>Na \u00faltima ter\u00e7a-feira (30), o atacante Gabriel Jesus marcou um dos gols da vit\u00f3ria do Arsenal por 4 a 1 sobre o Aston Villa, no Emirates Stadium, em Londres. No entanto, o momento mais marcante da partida veio ap\u00f3s o gol, quando o jogador testemunhou publicamente sua f\u00e9 ao <\/span><span><strong>exibir a camisa<\/strong><\/span><span> com a frase \u201cI Belong to Jesus\u201d (\u201c<\/span><em><span>Eu perten\u00e7o a Jesus<\/span><\/em><span>\u201d).<\/span><\/p>\n<p><span>Gabriel entrou em campo na metade do segundo tempo e voltou a marcar ap\u00f3s um longo per\u00edodo sem gols. Ao comemorar, o atleta exibiu uma camisa com a frase &#8220;<\/span><span><strong>Eu perten\u00e7o a Jesus<\/strong><\/span><span>&#8221; por baixo do uniforme.\u00a0<\/span><\/p>\n<p><span>\u201cEstou usando essa camisa porque Jesus, obviamente, salvou minha vida desde o in\u00edcio, quando eu nasci, mas eu n\u00e3o sabia disso. E, ent\u00e3o, durante o momento dif\u00edcil da minha vida, eu percebi que n\u00e3o somos nada sem Jesus. Por isso, eu quero glorificar o nome Dele, porque Ele fez uma grande diferen\u00e7a nesse momento dif\u00edcil\u201d, declarou Gabriel em uma entrevista p\u00f3s-jogo \u00e0\u00a0Sky Sports.<\/span><\/p>\n<blockquote data-instgrm-permalink=\"https:\/\/www.instagram.com\/p\/DS6E-rWil4G\/?utm_source=ig_embed&#038;utm_campaign=loading\" data-instgrm-version=\"14\"><\/blockquote>\n<p><strong>\u2018Confie em Jesus\u2019<\/strong><\/p>\n<p><span>Segundo a ESPN, o atacante n\u00e3o fazia um gol desde o primeiro dia do ano, antes de sofrer uma grave les\u00e3o no joelho.<\/span><\/p>\n<p><span>\u201cAgora, neste momento de alegria, eu quero glorificar o nome Dele porque, para come\u00e7ar o ano, do jeito que eu estava jogando, com a confian\u00e7a de volta, e, ent\u00e3o, por algum motivo, o Senhor me parou. Com isso, eu pude aprender muitas coisas, o que eu posso fazer melhor como pessoa e como ser humano\u201d, afirmou ele.<\/span><\/p>\n<p><span>E continuou: \u201cEu acho incr\u00edvel como Jesus age em nossas vidas. \u00c0s vezes voc\u00ea fica questionando, duvidando de si mesmo, mas voc\u00ea nunca sabe o que vai acontecer, o que Jesus preparou para voc\u00ea. Ent\u00e3o, eu digo: \u2018Continue, confie no processo e confie em Jesus\u2019\u201d.<\/span><\/p>\n<blockquote data-instgrm-permalink=\"https:\/\/www.instagram.com\/reel\/DS56oL9Cp4a\/?utm_source=ig_embed&#038;utm_campaign=loading\" data-instgrm-version=\"14\"><\/blockquote>\n<p><span>A comemora\u00e7\u00e3o de Gabriel Jesus relembrou a a\u00e7\u00e3o ic\u00f4nica do jogador brasileiro Kak\u00e1 na final da Liga dos Campe\u00f5es pelo Milan em 2007, ap\u00f3s vencer contra o Liverpool.<\/span><\/p>\n<blockquote data-instgrm-permalink=\"https:\/\/www.instagram.com\/p\/DS562khjHWp\/?utm_source=ig_embed&#038;utm_campaign=loading\" data-instgrm-version=\"14\"><\/blockquote>\n<p><strong>\u2018Toda honra a Deus\u2019<\/strong><\/p>\n<p><span>O zagueiro Gabriel Magalh\u00e3es, que tamb\u00e9m marcou um dos gols da vit\u00f3ria do Arsenal, agradeceu a Deus durante a comemora\u00e7\u00e3o ao exibir uma camisa com a frase \u201cToda honra e toda gl\u00f3ria a Deus\u201d.<\/span><\/p>\n<p><span>Magalh\u00e3es n\u00e3o atuava como titular desde o dia 15 de novembro, quando se lesionou no amistoso da sele\u00e7\u00e3o brasileira contra Senegal.\u00a0<\/span><\/p>\n<blockquote data-instgrm-permalink=\"https:\/\/www.instagram.com\/p\/DS6DzoIjO-5\/?utm_source=ig_embed&#038;utm_campaign=loading\" data-instgrm-version=\"14\"><\/blockquote>\n<p><span>Com o resultado, o Arsenal encerra 2025 na lideran\u00e7a da Premier League, com 45 pontos.\u00a0<\/span><\/p>\n<\/div>\n","protected":false},"excerpt":{"rendered":"<p>Na \u00faltima ter\u00e7a-feira (30), o atacante Gabriel Jesus marcou um dos gols da vit\u00f3ria do Arsenal por 4 a 1 sobre o Aston Villa, no Emirates Stadium, em Londres. No entanto, o momento mais marcante da partida veio ap\u00f3s o gol, quando o jogador testemunhou publicamente sua f\u00e9 ao exibir a camisa com a frase \u201cI Belong to Jesus\u201d (\u201cEu perten\u00e7o a Jesus\u201d). Gabriel entrou em campo na metade do segundo tempo e voltou a marcar ap\u00f3s um longo per\u00edodo sem gols. Ao comemorar, o atleta exibiu uma camisa com a frase &#8220;Eu perten\u00e7o a Jesus&#8221; por baixo do uniforme.\u00a0 \u201cEstou usando essa camisa porque Jesus, obviamente, salvou minha vida desde o in\u00edcio, quando eu nasci, mas eu n\u00e3o sabia disso. E, ent\u00e3o, durante o momento dif\u00edcil da minha vida, eu percebi que n\u00e3o somos nada sem Jesus. Por isso, eu quero glorificar o nome Dele, porque Ele fez uma grande diferen\u00e7a nesse momento dif\u00edcil\u201d, declarou Gabriel em uma entrevista p\u00f3s-jogo \u00e0\u00a0Sky Sports. \u2018Confie em Jesus\u2019 Segundo a ESPN, o atacante n\u00e3o fazia um gol desde o primeiro dia do ano, antes de sofrer uma grave les\u00e3o no joelho. \u201cAgora, neste momento de alegria, eu quero glorificar o nome Dele porque, para come\u00e7ar o ano, do jeito que eu estava jogando, com a confian\u00e7a de volta, e, ent\u00e3o, por algum motivo, o Senhor me parou. Com isso, eu pude aprender muitas coisas, o que eu posso fazer melhor como pessoa e como ser humano\u201d, afirmou ele. E continuou: \u201cEu acho incr\u00edvel como Jesus age em nossas vidas. \u00c0s vezes voc\u00ea fica questionando, duvidando de si mesmo, mas voc\u00ea nunca sabe o que vai acontecer, o que Jesus preparou para voc\u00ea. Ent\u00e3o, eu digo: \u2018Continue, confie no processo e confie em Jesus\u2019\u201d. A comemora\u00e7\u00e3o de Gabriel Jesus relembrou a a\u00e7\u00e3o ic\u00f4nica do jogador brasileiro Kak\u00e1 na final da Liga dos Campe\u00f5es pelo Milan em 2007, ap\u00f3s vencer contra o Liverpool. \u2018Toda honra a Deus\u2019 O zagueiro Gabriel Magalh\u00e3es, que tamb\u00e9m marcou um dos gols da vit\u00f3ria do Arsenal, agradeceu a Deus durante a comemora\u00e7\u00e3o ao exibir uma camisa com a frase \u201cToda honra e toda gl\u00f3ria a Deus\u201d. Magalh\u00e3es n\u00e3o atuava como titular desde o dia 15 de novembro, quando se lesionou no amistoso da sele\u00e7\u00e3o brasileira contra Senegal.\u00a0 Com o resultado, o Arsenal encerra 2025 na lideran\u00e7a da Premier League, com 45 pontos.\u00a0<\/p>\n","protected":false},"author":1,"featured_media":10488,"comment_status":"closed","ping_status":"closed","sticky":false,"template":"","format":"standard","meta":{"footnotes":""},"categories":[12],"tags":[],"class_list":["post-10487","post","type-post","status-publish","format-standard","has-post-thumbnail","hentry","category-mundo-cristao"],"acf":[],"_links":{"self":[{"href":"https:\/\/fabricadescripts.com.br\/igrejas\/IGRE3535\/wp-json\/wp\/v2\/posts\/10487","targetHints":{"allow":["GET"]}}],"collection":[{"href":"https:\/\/fabricadescripts.com.br\/igrejas\/IGRE3535\/wp-json\/wp\/v2\/posts"}],"about":[{"href":"https:\/\/fabricadescripts.com.br\/igrejas\/IGRE3535\/wp-json\/wp\/v2\/types\/post"}],"author":[{"embeddable":true,"href":"https:\/\/fabricadescripts.com.br\/igrejas\/IGRE3535\/wp-json\/wp\/v2\/users\/1"}],"replies":[{"embeddable":true,"href":"https:\/\/fabricadescripts.com.br\/igrejas\/IGRE3535\/wp-json\/wp\/v2\/comments?post=10487"}],"version-history":[{"count":0,"href":"https:\/\/fabricadescripts.com.br\/igrejas\/IGRE3535\/wp-json\/wp\/v2\/posts\/10487\/revisions"}],"wp:featuredmedia":[{"embeddable":true,"href":"https:\/\/fabricadescripts.com.br\/igrejas\/IGRE3535\/wp-json\/wp\/v2\/media\/10488"}],"wp:attachment":[{"href":"https:\/\/fabricadescripts.com.br\/igrejas\/IGRE3535\/wp-json\/wp\/v2\/media?parent=10487"}],"wp:term":[{"taxonomy":"category","embeddable":true,"href":"https:\/\/fabricadescripts.com.br\/igrejas\/IGRE3535\/wp-json\/wp\/v2\/categories?post=10487"},{"taxonomy":"post_tag","embeddable":true,"href":"https:\/\/fabricadescripts.com.br\/igrejas\/IGRE3535\/wp-json\/wp\/v2\/tags?post=10487"}],"curies":[{"name":"wp","href":"https:\/\/api.w.org\/{rel}","templated":true}]}}