{"id":10481,"date":"2026-01-02T16:17:20","date_gmt":"2026-01-02T19:17:20","guid":{"rendered":"https:\/\/fabricadescripts.com.br\/igrejas\/IGRE3535\/igreja-faz-oracao-ininterrupta-ha-mais-de-100-dias-em-goiania-vimos-muitos-milagres\/"},"modified":"2026-01-02T16:17:20","modified_gmt":"2026-01-02T19:17:20","slug":"igreja-faz-oracao-ininterrupta-ha-mais-de-100-dias-em-goiania-vimos-muitos-milagres","status":"publish","type":"post","link":"https:\/\/fabricadescripts.com.br\/igrejas\/IGRE3535\/igreja-faz-oracao-ininterrupta-ha-mais-de-100-dias-em-goiania-vimos-muitos-milagres\/","title":{"rendered":"Igreja faz ora\u00e7\u00e3o ininterrupta h\u00e1 mais de 100 dias em Goi\u00e2nia: \u2018Vimos muitos milagres\u2019"},"content":{"rendered":"<div>\n<p><span>Uma igreja em Goi\u00e2nia (GO) est\u00e1 <\/span><span><strong>orando 24 horas<\/strong><\/span><span> de forma ininterrupta h\u00e1 117 dias, em busca de um <\/span><span><strong>avivamento<\/strong><\/span><span>.<\/span><\/p>\n<p><span>A God Provider Church come\u00e7ou a iniciativa de ora\u00e7\u00e3o chamada \u201cTorre de Ora\u00e7\u00e3o\u201d com a participa\u00e7\u00e3o dos membros, que se revezam no templo para clamar a Deus.<\/span><\/p>\n<p><span>\u201cN\u00e3o \u00e9 evento. N\u00e3o \u00e9 campanha. \u00c9 cont\u00ednuo. Enquanto a cidade dorme, esse lugar permanece acordado. A igreja que n\u00e3o dorme\u201d, afirmou a denomina\u00e7\u00e3o, no Instagram.<\/span><\/p>\n<p><span>Desde que a congrega\u00e7\u00e3o iniciou a ora\u00e7\u00e3o cont\u00ednua, os crist\u00e3os testemunharam o agir de Deus em diversas \u00e1reas.<\/span><\/p>\n<p><span>\u201cNesses 100 dias, eu vi tantos milagres acontecendo, tantas pessoas sendo curadas, tantas portas sendo abertas. Eu vi casamentos sendo restaurados, vi pessoas sendo batizadas por fruto de ora\u00e7\u00e3o dos pais. Eu vi um movimento de unidade sendo gerado na igreja\u201d, testemunhou Heber Teo, o pastor da denomina\u00e7\u00e3o, em v\u00eddeo no Instagram.<\/span><\/p>\n<blockquote data-instgrm-captioned data-instgrm-permalink=\"https:\/\/www.instagram.com\/reel\/DS0rFV1EhsP\/?utm_source=ig_embed&#038;utm_campaign=loading\" data-instgrm-version=\"14\"><\/blockquote>\n<p><strong>Inspirados nos Moravianos<\/strong><\/p>\n<p><span>A ideia de promover a \u201cTorre de Ora\u00e7\u00e3o\u201d surgiu de Heber, inspirado nos crentes Moravianos, que <\/span><span><strong>oraram durante 100 anos<\/strong><\/span><span> no s\u00e9culo 18, na Alemanha.<\/span><\/p>\n<p><span>\u201cHouve um revezamento na comunidade. Por 100 anos eles oraram e trouxeram o maior movimento mission\u00e1rio da hist\u00f3ria. Homens como John Wesley foram inspirados por eles. Eles lan\u00e7aram movimentos protestantes de miss\u00f5es ao redor do mundo\u201d, explicou o l\u00edder.<\/span><\/p>\n<p><span>Segundo Heber, o prop\u00f3sito da mobiliza\u00e7\u00e3o de intercess\u00e3o \u00e9 buscar intencionalmente um despertar espiritual e se preparar para um avivamento.<\/span><\/p>\n<p><span>\u201cEsses 100 dias representam para mim uma prepara\u00e7\u00e3o para o mover sobrenatural de Deus. \u00c0s vezes, n\u00f3s pensamos que o avivamento \u00e9 algo que vai vir de fora, que n\u00e3o tem uma prepara\u00e7\u00e3o, que as coisas v\u00e3o acontecer assim da noite para o dia, como m\u00e1gica\u201d, comentou.<\/span><\/p>\n<p><span>\u201cNesses 100 dias, eu vi Deus limpando, reestruturando. Vi irm\u00e3os e irm\u00e3s sendo fortalecidos, eu vi a chama pela presen\u00e7a, o amor por Jesus. \u00c9 como se fosse uma prepara\u00e7\u00e3o. \u00c9 como um cheiro de chuva, sinto que est\u00e1 vindo uma chuva, sinto que Deus est\u00e1 fazendo algo poderoso\u201d.<\/span><\/p>\n<p><span>E o pastor destacou: \u201cEle vem preparando esses dias para que n\u00f3s, como igreja, estejamos prontos para receber mais e mais Dele e nos mover para onde Ele quer que a gente v\u00e1\u201d.<\/span><\/p>\n<blockquote data-instgrm-captioned data-instgrm-permalink=\"https:\/\/www.instagram.com\/reel\/DSDA8fIjtzQ\/?utm_source=ig_embed&#038;utm_campaign=loading\" data-instgrm-version=\"14\"><\/blockquote>\n<\/div>\n","protected":false},"excerpt":{"rendered":"<p>Uma igreja em Goi\u00e2nia (GO) est\u00e1 orando 24 horas de forma ininterrupta h\u00e1 117 dias, em busca de um avivamento. A God Provider Church come\u00e7ou a iniciativa de ora\u00e7\u00e3o chamada \u201cTorre de Ora\u00e7\u00e3o\u201d com a participa\u00e7\u00e3o dos membros, que se revezam no templo para clamar a Deus. \u201cN\u00e3o \u00e9 evento. N\u00e3o \u00e9 campanha. \u00c9 cont\u00ednuo. Enquanto a cidade dorme, esse lugar permanece acordado. A igreja que n\u00e3o dorme\u201d, afirmou a denomina\u00e7\u00e3o, no Instagram. Desde que a congrega\u00e7\u00e3o iniciou a ora\u00e7\u00e3o cont\u00ednua, os crist\u00e3os testemunharam o agir de Deus em diversas \u00e1reas. \u201cNesses 100 dias, eu vi tantos milagres acontecendo, tantas pessoas sendo curadas, tantas portas sendo abertas. Eu vi casamentos sendo restaurados, vi pessoas sendo batizadas por fruto de ora\u00e7\u00e3o dos pais. Eu vi um movimento de unidade sendo gerado na igreja\u201d, testemunhou Heber Teo, o pastor da denomina\u00e7\u00e3o, em v\u00eddeo no Instagram. Inspirados nos Moravianos A ideia de promover a \u201cTorre de Ora\u00e7\u00e3o\u201d surgiu de Heber, inspirado nos crentes Moravianos, que oraram durante 100 anos no s\u00e9culo 18, na Alemanha. \u201cHouve um revezamento na comunidade. Por 100 anos eles oraram e trouxeram o maior movimento mission\u00e1rio da hist\u00f3ria. Homens como John Wesley foram inspirados por eles. Eles lan\u00e7aram movimentos protestantes de miss\u00f5es ao redor do mundo\u201d, explicou o l\u00edder. Segundo Heber, o prop\u00f3sito da mobiliza\u00e7\u00e3o de intercess\u00e3o \u00e9 buscar intencionalmente um despertar espiritual e se preparar para um avivamento. \u201cEsses 100 dias representam para mim uma prepara\u00e7\u00e3o para o mover sobrenatural de Deus. \u00c0s vezes, n\u00f3s pensamos que o avivamento \u00e9 algo que vai vir de fora, que n\u00e3o tem uma prepara\u00e7\u00e3o, que as coisas v\u00e3o acontecer assim da noite para o dia, como m\u00e1gica\u201d, comentou. \u201cNesses 100 dias, eu vi Deus limpando, reestruturando. Vi irm\u00e3os e irm\u00e3s sendo fortalecidos, eu vi a chama pela presen\u00e7a, o amor por Jesus. \u00c9 como se fosse uma prepara\u00e7\u00e3o. \u00c9 como um cheiro de chuva, sinto que est\u00e1 vindo uma chuva, sinto que Deus est\u00e1 fazendo algo poderoso\u201d. E o pastor destacou: \u201cEle vem preparando esses dias para que n\u00f3s, como igreja, estejamos prontos para receber mais e mais Dele e nos mover para onde Ele quer que a gente v\u00e1\u201d.<\/p>\n","protected":false},"author":1,"featured_media":10482,"comment_status":"closed","ping_status":"closed","sticky":false,"template":"","format":"standard","meta":{"footnotes":""},"categories":[11],"tags":[],"class_list":["post-10481","post","type-post","status-publish","format-standard","has-post-thumbnail","hentry","category-brasil"],"acf":[],"_links":{"self":[{"href":"https:\/\/fabricadescripts.com.br\/igrejas\/IGRE3535\/wp-json\/wp\/v2\/posts\/10481","targetHints":{"allow":["GET"]}}],"collection":[{"href":"https:\/\/fabricadescripts.com.br\/igrejas\/IGRE3535\/wp-json\/wp\/v2\/posts"}],"about":[{"href":"https:\/\/fabricadescripts.com.br\/igrejas\/IGRE3535\/wp-json\/wp\/v2\/types\/post"}],"author":[{"embeddable":true,"href":"https:\/\/fabricadescripts.com.br\/igrejas\/IGRE3535\/wp-json\/wp\/v2\/users\/1"}],"replies":[{"embeddable":true,"href":"https:\/\/fabricadescripts.com.br\/igrejas\/IGRE3535\/wp-json\/wp\/v2\/comments?post=10481"}],"version-history":[{"count":0,"href":"https:\/\/fabricadescripts.com.br\/igrejas\/IGRE3535\/wp-json\/wp\/v2\/posts\/10481\/revisions"}],"wp:featuredmedia":[{"embeddable":true,"href":"https:\/\/fabricadescripts.com.br\/igrejas\/IGRE3535\/wp-json\/wp\/v2\/media\/10482"}],"wp:attachment":[{"href":"https:\/\/fabricadescripts.com.br\/igrejas\/IGRE3535\/wp-json\/wp\/v2\/media?parent=10481"}],"wp:term":[{"taxonomy":"category","embeddable":true,"href":"https:\/\/fabricadescripts.com.br\/igrejas\/IGRE3535\/wp-json\/wp\/v2\/categories?post=10481"},{"taxonomy":"post_tag","embeddable":true,"href":"https:\/\/fabricadescripts.com.br\/igrejas\/IGRE3535\/wp-json\/wp\/v2\/tags?post=10481"}],"curies":[{"name":"wp","href":"https:\/\/api.w.org\/{rel}","templated":true}]}}