{"id":10408,"date":"2025-12-26T09:16:01","date_gmt":"2025-12-26T12:16:01","guid":{"rendered":"https:\/\/fabricadescripts.com.br\/igrejas\/IGRE3535\/igreja-doa-carrinhos-de-coleta-a-pessoas-sem-teto-um-recomeco-atraves-da-reciclagem\/"},"modified":"2025-12-26T09:16:01","modified_gmt":"2025-12-26T12:16:01","slug":"igreja-doa-carrinhos-de-coleta-a-pessoas-sem-teto-um-recomeco-atraves-da-reciclagem","status":"publish","type":"post","link":"https:\/\/fabricadescripts.com.br\/igrejas\/IGRE3535\/igreja-doa-carrinhos-de-coleta-a-pessoas-sem-teto-um-recomeco-atraves-da-reciclagem\/","title":{"rendered":"Igreja doa carrinhos de coleta a pessoas sem-teto: \u201cUm recome\u00e7o atrav\u00e9s da reciclagem\u201d"},"content":{"rendered":"<div>\n<p><span>Uma <\/span><span><strong>igreja <\/strong><\/span><span>de Natal, no Rio Grande do Norte, est\u00e1 ajudando <\/span><span><strong>moradores de rua<\/strong><\/span><span> a recome\u00e7arem suas vidas.<\/span><\/p>\n<p><span>A Igreja Metodista de Natal doou carrinhos de lixo para os sem-teto trabalharem na coleta seletiva e produzirem uma renda.<\/span><\/p>\n<p><span>Neste ano, o projeto social chamado \u201cCidade Limpa\u201d j\u00e1 entregou 10 carrinhos de coleta de lixo a pessoas em vulnerabilidade social, como T\u00e9ssio Moura Bezerra.<\/span><\/p>\n<p><span>\u201cTenho 46 anos. Hoje me encontro no albergue noturno, mas vim aqui para agradecer pela entrega desse aparelho, que pra mim interessa bastante, vai me ajudar muito, porque eu sou catador de lixo\u201d, afirmou ele, em v\u00eddeo compartilhado pela igreja no Instagram.<\/span><\/p>\n<p><span>\u201cAgrade\u00e7o demais o que o pastor tem feito, j\u00e1 acompanho essa obra, n\u00e3o \u00e9 de hoje. Tomo caf\u00e9 aqui todas as segundas-feiras, sou cadeira cativa desse projeto\u201d, acrescentou.<\/span><\/p>\n<blockquote data-instgrm-captioned data-instgrm-permalink=\"https:\/\/www.instagram.com\/reel\/DSU_r0mDl6O\/?utm_source=ig_embed&#038;utm_campaign=loading\" data-instgrm-version=\"14\"><\/blockquote>\n<p><span>Na entrega do carrinho, o pastor Georg Emmerich, l\u00edder da Igreja Metodista de Natal, tamb\u00e9m deu um colete do projeto para T\u00e9cio vestir durante o trabalho, lhe presenteou com uma B\u00edblia e orou por ele.<\/span><\/p>\n<p><span>\u201cA gente quer agradecer muito a todos os parceiros que t\u00eam contribu\u00eddo para esse projeto. Estamos entregando dez carrocinhas para honra e gl\u00f3ria do Senhor, fechando nossa meta para 2025. Aguardem 2026, vem muita coisa boa para a\u00ed\u201d, declarou o pastor.<\/span><\/p>\n<p><span>Cl\u00e1udio, outro morador de rua beneficiado pelo projeto, testemunhou: \u201cEu agrade\u00e7o muito ao pastor por ter conseguido isso para mim. Eu orei e pedi muito a Deus para conseguir esse carro para melhorar um pouco a minha vida, conseguir uma casinha pra sair da vida da rua, que n\u00e3o tem futuro\u201d.<\/span><\/p>\n<blockquote data-instgrm-captioned data-instgrm-permalink=\"https:\/\/www.instagram.com\/reel\/DP3wloojlrZ\/?utm_source=ig_embed&#038;utm_campaign=loading\" data-instgrm-version=\"14\"><\/blockquote>\n<p><strong>Igreja nas ruas<\/strong><\/p>\n<p><span>\u201cO projeto Cidade Limpa vem transformando a vida de pessoas em situa\u00e7\u00e3o de vulnerabilidade social. Estamos reconectando essas pessoas a sua dignidade e tamb\u00e9m um recome\u00e7o atrav\u00e9s da reciclagem, mantendo a cidade limpa e preservando o meio ambiente\u201d, declarou a igreja, em postagem no Instagram.<\/span><\/p>\n<p><span>Atrav\u00e9s da miss\u00e3o \u201cIgreja nas Ruas\u201d, a denomina\u00e7\u00e3o serve pessoas sem-teto h\u00e1 mais de 13 anos, em Natal.<\/span><\/p>\n<p><span>A igreja oferece caf\u00e9 da manh\u00e3 e sop\u00e3o aos moradores de rua. Al\u00e9m disso, possui um chuveiro m\u00f3vel que vai \u00e0s ruas levar dignidade aos que mais necessitam. No ve\u00edculo adaptado, os moradores tomam banho e ganham itens de higiene e roupas novas.<\/span><\/p>\n<p><span>Durante as a\u00e7\u00f5es, os crist\u00e3os pregam a esperan\u00e7a do Evangelho e oram com os necessitados.<\/span><\/p>\n<blockquote data-instgrm-captioned data-instgrm-permalink=\"https:\/\/www.instagram.com\/reel\/DQZabRbDlxt\/?utm_source=ig_embed&#038;utm_campaign=loading\" data-instgrm-version=\"14\"><\/blockquote>\n<\/div>\n","protected":false},"excerpt":{"rendered":"<p>Uma igreja de Natal, no Rio Grande do Norte, est\u00e1 ajudando moradores de rua a recome\u00e7arem suas vidas. A Igreja Metodista de Natal doou carrinhos de lixo para os sem-teto trabalharem na coleta seletiva e produzirem uma renda. Neste ano, o projeto social chamado \u201cCidade Limpa\u201d j\u00e1 entregou 10 carrinhos de coleta de lixo a pessoas em vulnerabilidade social, como T\u00e9ssio Moura Bezerra. \u201cTenho 46 anos. Hoje me encontro no albergue noturno, mas vim aqui para agradecer pela entrega desse aparelho, que pra mim interessa bastante, vai me ajudar muito, porque eu sou catador de lixo\u201d, afirmou ele, em v\u00eddeo compartilhado pela igreja no Instagram. \u201cAgrade\u00e7o demais o que o pastor tem feito, j\u00e1 acompanho essa obra, n\u00e3o \u00e9 de hoje. Tomo caf\u00e9 aqui todas as segundas-feiras, sou cadeira cativa desse projeto\u201d, acrescentou. Na entrega do carrinho, o pastor Georg Emmerich, l\u00edder da Igreja Metodista de Natal, tamb\u00e9m deu um colete do projeto para T\u00e9cio vestir durante o trabalho, lhe presenteou com uma B\u00edblia e orou por ele. \u201cA gente quer agradecer muito a todos os parceiros que t\u00eam contribu\u00eddo para esse projeto. Estamos entregando dez carrocinhas para honra e gl\u00f3ria do Senhor, fechando nossa meta para 2025. Aguardem 2026, vem muita coisa boa para a\u00ed\u201d, declarou o pastor. Cl\u00e1udio, outro morador de rua beneficiado pelo projeto, testemunhou: \u201cEu agrade\u00e7o muito ao pastor por ter conseguido isso para mim. Eu orei e pedi muito a Deus para conseguir esse carro para melhorar um pouco a minha vida, conseguir uma casinha pra sair da vida da rua, que n\u00e3o tem futuro\u201d. Igreja nas ruas \u201cO projeto Cidade Limpa vem transformando a vida de pessoas em situa\u00e7\u00e3o de vulnerabilidade social. Estamos reconectando essas pessoas a sua dignidade e tamb\u00e9m um recome\u00e7o atrav\u00e9s da reciclagem, mantendo a cidade limpa e preservando o meio ambiente\u201d, declarou a igreja, em postagem no Instagram. Atrav\u00e9s da miss\u00e3o \u201cIgreja nas Ruas\u201d, a denomina\u00e7\u00e3o serve pessoas sem-teto h\u00e1 mais de 13 anos, em Natal. A igreja oferece caf\u00e9 da manh\u00e3 e sop\u00e3o aos moradores de rua. Al\u00e9m disso, possui um chuveiro m\u00f3vel que vai \u00e0s ruas levar dignidade aos que mais necessitam. No ve\u00edculo adaptado, os moradores tomam banho e ganham itens de higiene e roupas novas. Durante as a\u00e7\u00f5es, os crist\u00e3os pregam a esperan\u00e7a do Evangelho e oram com os necessitados.<\/p>\n","protected":false},"author":1,"featured_media":10409,"comment_status":"closed","ping_status":"closed","sticky":false,"template":"","format":"standard","meta":{"footnotes":""},"categories":[14],"tags":[],"class_list":["post-10408","post","type-post","status-publish","format-standard","has-post-thumbnail","hentry","category-missoes"],"acf":[],"_links":{"self":[{"href":"https:\/\/fabricadescripts.com.br\/igrejas\/IGRE3535\/wp-json\/wp\/v2\/posts\/10408","targetHints":{"allow":["GET"]}}],"collection":[{"href":"https:\/\/fabricadescripts.com.br\/igrejas\/IGRE3535\/wp-json\/wp\/v2\/posts"}],"about":[{"href":"https:\/\/fabricadescripts.com.br\/igrejas\/IGRE3535\/wp-json\/wp\/v2\/types\/post"}],"author":[{"embeddable":true,"href":"https:\/\/fabricadescripts.com.br\/igrejas\/IGRE3535\/wp-json\/wp\/v2\/users\/1"}],"replies":[{"embeddable":true,"href":"https:\/\/fabricadescripts.com.br\/igrejas\/IGRE3535\/wp-json\/wp\/v2\/comments?post=10408"}],"version-history":[{"count":0,"href":"https:\/\/fabricadescripts.com.br\/igrejas\/IGRE3535\/wp-json\/wp\/v2\/posts\/10408\/revisions"}],"wp:featuredmedia":[{"embeddable":true,"href":"https:\/\/fabricadescripts.com.br\/igrejas\/IGRE3535\/wp-json\/wp\/v2\/media\/10409"}],"wp:attachment":[{"href":"https:\/\/fabricadescripts.com.br\/igrejas\/IGRE3535\/wp-json\/wp\/v2\/media?parent=10408"}],"wp:term":[{"taxonomy":"category","embeddable":true,"href":"https:\/\/fabricadescripts.com.br\/igrejas\/IGRE3535\/wp-json\/wp\/v2\/categories?post=10408"},{"taxonomy":"post_tag","embeddable":true,"href":"https:\/\/fabricadescripts.com.br\/igrejas\/IGRE3535\/wp-json\/wp\/v2\/tags?post=10408"}],"curies":[{"name":"wp","href":"https:\/\/api.w.org\/{rel}","templated":true}]}}