{"id":10398,"date":"2025-12-26T09:16:00","date_gmt":"2025-12-26T12:16:00","guid":{"rendered":"https:\/\/fabricadescripts.com.br\/igrejas\/IGRE3535\/ex-miss-eslovaquia-diz-que-motorista-de-aplicativo-a-expulsou-do-carro-por-ser-judia\/"},"modified":"2025-12-26T09:16:00","modified_gmt":"2025-12-26T12:16:00","slug":"ex-miss-eslovaquia-diz-que-motorista-de-aplicativo-a-expulsou-do-carro-por-ser-judia","status":"publish","type":"post","link":"https:\/\/fabricadescripts.com.br\/igrejas\/IGRE3535\/ex-miss-eslovaquia-diz-que-motorista-de-aplicativo-a-expulsou-do-carro-por-ser-judia\/","title":{"rendered":"Ex-Miss Eslov\u00e1quia diz que motorista de aplicativo a expulsou do carro por ser judia"},"content":{"rendered":"<div>\n<p>A modelo e ex-Miss Eslov\u00e1quia, Miriam Mattova, de 33 anos, afirma ter sido obrigada a sair de um <span><strong>carro de aplicativo<\/strong><\/span> no meio de um cruzamento movimentado em Toronto depois que a motorista descobriu que ela era judia.<\/p>\n<p>O epis\u00f3dio ocorreu na noite de 30 de novembro, quando Mattova entrou no ve\u00edculo na Dundas Street, regi\u00e3o central da cidade.<\/p>\n<p>Ela realizava uma chamada de v\u00eddeo com uma amiga, comentando sobre uma miss\u00e3o recente em <span><strong>Israel<\/strong><\/span>.<\/p>\n<p>Segundo Mattova, a motorista ent\u00e3o freou abruptamente e ordenou que ela deixasse o ve\u00edculo em pleno cruzamento movimentado.<\/p>\n<p>\u201cEu imediatamente terminei a liga\u00e7\u00e3o e perguntei, tipo, por que estava parando. E [ela] me disse que se sentia desconfort\u00e1vel comigo no carro\u201d, contou Mattova.<\/p>\n<p>\u201cEnt\u00e3o perguntei por que, porque n\u00e3o havia feito nada de errado. E ent\u00e3o recebi a resposta de que eles n\u00e3o conduzem judeus.\u201d<\/p>\n<p><strong>Discrimina\u00e7\u00e3o<\/strong><\/p>\n<p>A modelo e uma amiga que havia solicitado a corrida registraram queixas detalhadas junto \u00e0 empresa ainda naquela noite.<\/p>\n<p>A empresa de aplicativo afirmou que est\u00e1 em contato com as partes envolvidas e que leva a s\u00e9rio qualquer alega\u00e7\u00e3o de discrimina\u00e7\u00e3o na plataforma.<\/p>\n<p>Em comunicado, disse lamentar o ocorrido e ressaltou que comportamentos discriminat\u00f3rios \u201cn\u00e3o t\u00eam lugar\u201d em seu servi\u00e7o, al\u00e9m de assegurar que tomou \u201ca\u00e7\u00f5es apropriadas\u201d ap\u00f3s investigar o caso.<\/p>\n<p>No entanto, Mattova e seu advogado, Howard Levitt, criticaram a postura da empresa, dizendo que ainda n\u00e3o sabem se a motorista foi efetivamente removida da plataforma.<\/p>\n<p><strong>Pedido formal de desculpas <\/strong><\/p>\n<p>Eles exigem, al\u00e9m de um pedido formal de desculpas, a demiss\u00e3o da motorista, uma doa\u00e7\u00e3o para uma institui\u00e7\u00e3o de caridade israelense escolhida pela modelo e que todos os motoristas da empresa confirmem formalmente a pol\u00edtica de antidiscrimina\u00e7\u00e3o da empresa.<\/p>\n<p>Segundo a ex-Miss Eslov\u00e1quia, cidad\u00e3 canadense, tanto ela quanto a amiga respons\u00e1vel pela corrida apresentaram \u00e0 empresa relatos detalhados sobre o que ocorreu.<\/p>\n<p>\u201cO Canad\u00e1 sempre foi um lugar no qual eu acreditei. \u00c9 por isso que voltei a viver aqui. Um pa\u00eds acolhedor, diverso e respeitoso. E todos n\u00f3s compartilhamos a responsabilidade de garantir que continue assim. Falar sobre isso n\u00e3o tem nada a ver com me colocar no papel de v\u00edtima \u2013 quero deixar isso muito claro\u201d, disse.<\/p>\n<p>\u201cTrata-se de tra\u00e7ar um limite, sustentar a verdade e incentivar que o \u00f3dio contra qualquer religi\u00e3o ou comunidade, n\u00e3o apenas contra o povo judeu, seja confrontado\u201d.<\/p>\n<p><strong>Enfrentar o antissemitismo<\/strong><\/p>\n<p>E continuou dizendo acreditar que todo incidente como este deve ter consequ\u00eancias para a motorista e \u201cpara a grande empresa envolvida\u201d.<\/p>\n<p>No in\u00edcio de novembro, Mattova viajou a Israel para testemunhar de perto as consequ\u00eancias dos ataques terroristas liderados pelo Hamas em 7 de outubro de 2023, no sul do pa\u00eds.<\/p>\n<p>L\u00e1, visitou o <span><strong>Kibutz Be&#8217;eri<\/strong> <\/span>e encontrou o ex-ref\u00e9m Ofir Engel, levado pelos terroristas junto com o pai da namorada.<\/p>\n<p>Ela afirmou \u00e0 Fox News Digital que este n\u00e3o foi o primeiro epis\u00f3dio de antissemitismo que enfrentou no Canad\u00e1 e destacou a necessidade de que as pessoas \u201cpermane\u00e7am firmes e enfrentem o antissemitismo moderno\u201d.<\/p>\n<\/div>\n","protected":false},"excerpt":{"rendered":"<p>A modelo e ex-Miss Eslov\u00e1quia, Miriam Mattova, de 33 anos, afirma ter sido obrigada a sair de um carro de aplicativo no meio de um cruzamento movimentado em Toronto depois que a motorista descobriu que ela era judia. O epis\u00f3dio ocorreu na noite de 30 de novembro, quando Mattova entrou no ve\u00edculo na Dundas Street, regi\u00e3o central da cidade. Ela realizava uma chamada de v\u00eddeo com uma amiga, comentando sobre uma miss\u00e3o recente em Israel. Segundo Mattova, a motorista ent\u00e3o freou abruptamente e ordenou que ela deixasse o ve\u00edculo em pleno cruzamento movimentado. \u201cEu imediatamente terminei a liga\u00e7\u00e3o e perguntei, tipo, por que estava parando. E [ela] me disse que se sentia desconfort\u00e1vel comigo no carro\u201d, contou Mattova. \u201cEnt\u00e3o perguntei por que, porque n\u00e3o havia feito nada de errado. E ent\u00e3o recebi a resposta de que eles n\u00e3o conduzem judeus.\u201d Discrimina\u00e7\u00e3o A modelo e uma amiga que havia solicitado a corrida registraram queixas detalhadas junto \u00e0 empresa ainda naquela noite. A empresa de aplicativo afirmou que est\u00e1 em contato com as partes envolvidas e que leva a s\u00e9rio qualquer alega\u00e7\u00e3o de discrimina\u00e7\u00e3o na plataforma. Em comunicado, disse lamentar o ocorrido e ressaltou que comportamentos discriminat\u00f3rios \u201cn\u00e3o t\u00eam lugar\u201d em seu servi\u00e7o, al\u00e9m de assegurar que tomou \u201ca\u00e7\u00f5es apropriadas\u201d ap\u00f3s investigar o caso. No entanto, Mattova e seu advogado, Howard Levitt, criticaram a postura da empresa, dizendo que ainda n\u00e3o sabem se a motorista foi efetivamente removida da plataforma. Pedido formal de desculpas Eles exigem, al\u00e9m de um pedido formal de desculpas, a demiss\u00e3o da motorista, uma doa\u00e7\u00e3o para uma institui\u00e7\u00e3o de caridade israelense escolhida pela modelo e que todos os motoristas da empresa confirmem formalmente a pol\u00edtica de antidiscrimina\u00e7\u00e3o da empresa. Segundo a ex-Miss Eslov\u00e1quia, cidad\u00e3 canadense, tanto ela quanto a amiga respons\u00e1vel pela corrida apresentaram \u00e0 empresa relatos detalhados sobre o que ocorreu. \u201cO Canad\u00e1 sempre foi um lugar no qual eu acreditei. \u00c9 por isso que voltei a viver aqui. Um pa\u00eds acolhedor, diverso e respeitoso. E todos n\u00f3s compartilhamos a responsabilidade de garantir que continue assim. Falar sobre isso n\u00e3o tem nada a ver com me colocar no papel de v\u00edtima \u2013 quero deixar isso muito claro\u201d, disse. \u201cTrata-se de tra\u00e7ar um limite, sustentar a verdade e incentivar que o \u00f3dio contra qualquer religi\u00e3o ou comunidade, n\u00e3o apenas contra o povo judeu, seja confrontado\u201d. Enfrentar o antissemitismo E continuou dizendo acreditar que todo incidente como este deve ter consequ\u00eancias para a motorista e \u201cpara a grande empresa envolvida\u201d. No in\u00edcio de novembro, Mattova viajou a Israel para testemunhar de perto as consequ\u00eancias dos ataques terroristas liderados pelo Hamas em 7 de outubro de 2023, no sul do pa\u00eds. L\u00e1, visitou o Kibutz Be&#8217;eri e encontrou o ex-ref\u00e9m Ofir Engel, levado pelos terroristas junto com o pai da namorada. Ela afirmou \u00e0 Fox News Digital que este n\u00e3o foi o primeiro epis\u00f3dio de antissemitismo que enfrentou no Canad\u00e1 e destacou a necessidade de que as pessoas \u201cpermane\u00e7am firmes e enfrentem o antissemitismo moderno\u201d.<\/p>\n","protected":false},"author":1,"featured_media":10399,"comment_status":"closed","ping_status":"closed","sticky":false,"template":"","format":"standard","meta":{"footnotes":""},"categories":[13],"tags":[],"class_list":["post-10398","post","type-post","status-publish","format-standard","has-post-thumbnail","hentry","category-israel"],"acf":[],"_links":{"self":[{"href":"https:\/\/fabricadescripts.com.br\/igrejas\/IGRE3535\/wp-json\/wp\/v2\/posts\/10398","targetHints":{"allow":["GET"]}}],"collection":[{"href":"https:\/\/fabricadescripts.com.br\/igrejas\/IGRE3535\/wp-json\/wp\/v2\/posts"}],"about":[{"href":"https:\/\/fabricadescripts.com.br\/igrejas\/IGRE3535\/wp-json\/wp\/v2\/types\/post"}],"author":[{"embeddable":true,"href":"https:\/\/fabricadescripts.com.br\/igrejas\/IGRE3535\/wp-json\/wp\/v2\/users\/1"}],"replies":[{"embeddable":true,"href":"https:\/\/fabricadescripts.com.br\/igrejas\/IGRE3535\/wp-json\/wp\/v2\/comments?post=10398"}],"version-history":[{"count":0,"href":"https:\/\/fabricadescripts.com.br\/igrejas\/IGRE3535\/wp-json\/wp\/v2\/posts\/10398\/revisions"}],"wp:featuredmedia":[{"embeddable":true,"href":"https:\/\/fabricadescripts.com.br\/igrejas\/IGRE3535\/wp-json\/wp\/v2\/media\/10399"}],"wp:attachment":[{"href":"https:\/\/fabricadescripts.com.br\/igrejas\/IGRE3535\/wp-json\/wp\/v2\/media?parent=10398"}],"wp:term":[{"taxonomy":"category","embeddable":true,"href":"https:\/\/fabricadescripts.com.br\/igrejas\/IGRE3535\/wp-json\/wp\/v2\/categories?post=10398"},{"taxonomy":"post_tag","embeddable":true,"href":"https:\/\/fabricadescripts.com.br\/igrejas\/IGRE3535\/wp-json\/wp\/v2\/tags?post=10398"}],"curies":[{"name":"wp","href":"https:\/\/api.w.org\/{rel}","templated":true}]}}