{"id":10390,"date":"2025-12-26T09:15:51","date_gmt":"2025-12-26T12:15:51","guid":{"rendered":"https:\/\/fabricadescripts.com.br\/igrejas\/IGRE3535\/parlamento-europeu-aprova-projeto-que-financia-turismo-do-aborto\/"},"modified":"2025-12-26T09:15:51","modified_gmt":"2025-12-26T12:15:51","slug":"parlamento-europeu-aprova-projeto-que-financia-turismo-do-aborto","status":"publish","type":"post","link":"https:\/\/fabricadescripts.com.br\/igrejas\/IGRE3535\/parlamento-europeu-aprova-projeto-que-financia-turismo-do-aborto\/","title":{"rendered":"Parlamento Europeu aprova projeto que financia \u201cturismo do aborto\u201d"},"content":{"rendered":"<div>\n<p><span>O Parlamento Europeu aprovou um projeto que vai <\/span><span><strong>financiar viagens para mulheres abortarem<\/strong><\/span><span> em pa\u00edses europeus que permitem a interrup\u00e7\u00e3o da gravidez.<\/span><\/p>\n<p><span>A iniciativa chamada \u201cMinha Voz, Minha Escolha (MVMC)\u201d foi aprovada por 358 votos contra 202 (com 79 absten\u00e7\u00f5es) pelos eurodeputados, na quarta-feira (17).<\/span><\/p>\n<p><span>O projeto prev\u00ea um fundo do or\u00e7amento da Uni\u00e3o Europeia (UE) para pagar abortos para mulheres de pa\u00edses que pro\u00edbem o procedimento, como Malta e Pol\u00f4nia, em outros Estado-membro em permitem a interrup\u00e7\u00e3o \u00e9 autorizada, como Holanda e Fran\u00e7a.<\/span><\/p>\n<p><span>Agora, a Comiss\u00e3o Europeia (o governo da Uni\u00e3o Europeia) vai propor uma estrat\u00e9gia para colocar a iniciativa em a\u00e7\u00e3o, que deve ser apresentada at\u00e9 mar\u00e7o de 2026.<\/span><\/p>\n<p><strong>\u201cA vida merece prote\u00e7\u00e3o\u201d<\/strong><\/p>\n<p><span>Eurodeputados conservadores condenaram a aprova\u00e7\u00e3o do financiamento de abortos com os impostos dos cidad\u00e3os europeus.<\/span><\/p>\n<p><span>&#8220;A vida n\u00e3o nascida merece prote\u00e7\u00e3o, \u00e9 doloroso ver que a maioria do Parlamento Europeu n\u00e3o reconhece isso. Apesar desse apelo do Parlamento, o fato \u00e9 que a UE n\u00e3o tem compet\u00eancia sobre o aborto&#8221;, condenou Bert-Jan Ruissen, um eurodeputado holand\u00eas do Partido Pol\u00edtico Crist\u00e3o Europeu.<\/span><\/p>\n<p><span>Quando a iniciativa \u201cMinha Voz, Minha Escolha\u201d foi apresentada no Parlamento Europeu no in\u00edcio de dezembro, v\u00e1rios eurodeputados expressaram preocupa\u00e7\u00f5es jur\u00eddicas, \u00e9ticas e sociais.<\/span><\/p>\n<p><span>O eurodeputado de Luxemburgo, Fernand Kartheiser, apontou que a proposta \u00e9 incompat\u00edvel com os Tratados da UE. Ele afirmou que, se a Comiss\u00e3o Europeia levasse a iniciativa adiante, &#8220;estaria violando diretamente o direito europeu&#8221;.<\/span><\/p>\n<p><span>A eurodeputada Margarita de la Pisa, da Espanha, tamb\u00e9m condenou a iniciativa. \u201cA MVMC \u00e9 financiada por organiza\u00e7\u00f5es que lucram com o neg\u00f3cio do aborto, como a Planned Parenthood. Os direitos das mulheres incluem a prote\u00e7\u00e3o da maternidade\u201d, declarou.<\/span><\/p>\n<p><span>Tomislav Sokol, eurodeputado croata, tamb\u00e9m se manifestou contra, enfatizando que o aborto &#8220;n\u00e3o faz parte dos direitos humanos&#8221; e que &#8220;nenhum tratado internacional reconhece o aborto como um direito, assim a Uni\u00e3o Europeia n\u00e3o pode financi\u00e1-lo&#8221;.<\/span><\/p>\n<p><strong>Turismo do aborto<\/strong><\/p>\n<p><span>Antes do projeto ser aprovada pelo Parlamento, a Federa\u00e7\u00e3o Europeia One Of Us, um grupo formado por 50 ONGs pr\u00f3-vida, alertou sobre o risco da iniciativa MVMC provocar um \u201cturismo do aborto\u201d na Europa.<\/span><\/p>\n<p><span>\u201cO aborto n\u00e3o \u00e9 uma quest\u00e3o que cabe \u00e0 UE decidir, e financi\u00e1-lo atrav\u00e9s do or\u00e7amento europeu violaria a soberania nacional dos Estados-membros, al\u00e9m de contornar o atual quadro jur\u00eddico, causando danos significativos ao processo de constru\u00e7\u00e3o da Uni\u00e3o\u201d, afirmou a Federa\u00e7\u00e3o, em um comunicado.<\/span><\/p>\n<p><strong>Aborto de beb\u00eas com defici\u00eancia<\/strong><\/p>\n<p><span>O grupo pr\u00f3-vida observou que a proposta ainda facilitaria casos de aborto de beb\u00eas com defici\u00eancia, chamado de aborto seletivo. A iniciativa refor\u00e7aria pr\u00e1ticas eug\u00eanicas e violaria o Artigo 21 da Carta dos Direitos Fundamentais da UE, que pro\u00edbe a discrimina\u00e7\u00e3o por motivo de defici\u00eancia.<\/span><\/p>\n<p><span>\u201cEm toda a Europa, as mulheres exigem apoio real \u00e0 maternidade, n\u00e3o servi\u00e7os de aborto financiados por institui\u00e7\u00f5es europeias\u201d, declarou a One Of Us.<\/span><\/p>\n<p><span>\u201cA UE deve priorizar pol\u00edticas que protejam as pessoas com defici\u00eancia e defendam a dignidade humana em todas as fases da vida&#8221;, acrescentou.<\/span><\/p>\n<\/div>\n","protected":false},"excerpt":{"rendered":"<p>O Parlamento Europeu aprovou um projeto que vai financiar viagens para mulheres abortarem em pa\u00edses europeus que permitem a interrup\u00e7\u00e3o da gravidez. A iniciativa chamada \u201cMinha Voz, Minha Escolha (MVMC)\u201d foi aprovada por 358 votos contra 202 (com 79 absten\u00e7\u00f5es) pelos eurodeputados, na quarta-feira (17). O projeto prev\u00ea um fundo do or\u00e7amento da Uni\u00e3o Europeia (UE) para pagar abortos para mulheres de pa\u00edses que pro\u00edbem o procedimento, como Malta e Pol\u00f4nia, em outros Estado-membro em permitem a interrup\u00e7\u00e3o \u00e9 autorizada, como Holanda e Fran\u00e7a. Agora, a Comiss\u00e3o Europeia (o governo da Uni\u00e3o Europeia) vai propor uma estrat\u00e9gia para colocar a iniciativa em a\u00e7\u00e3o, que deve ser apresentada at\u00e9 mar\u00e7o de 2026. \u201cA vida merece prote\u00e7\u00e3o\u201d Eurodeputados conservadores condenaram a aprova\u00e7\u00e3o do financiamento de abortos com os impostos dos cidad\u00e3os europeus. &#8220;A vida n\u00e3o nascida merece prote\u00e7\u00e3o, \u00e9 doloroso ver que a maioria do Parlamento Europeu n\u00e3o reconhece isso. Apesar desse apelo do Parlamento, o fato \u00e9 que a UE n\u00e3o tem compet\u00eancia sobre o aborto&#8221;, condenou Bert-Jan Ruissen, um eurodeputado holand\u00eas do Partido Pol\u00edtico Crist\u00e3o Europeu. Quando a iniciativa \u201cMinha Voz, Minha Escolha\u201d foi apresentada no Parlamento Europeu no in\u00edcio de dezembro, v\u00e1rios eurodeputados expressaram preocupa\u00e7\u00f5es jur\u00eddicas, \u00e9ticas e sociais. O eurodeputado de Luxemburgo, Fernand Kartheiser, apontou que a proposta \u00e9 incompat\u00edvel com os Tratados da UE. Ele afirmou que, se a Comiss\u00e3o Europeia levasse a iniciativa adiante, &#8220;estaria violando diretamente o direito europeu&#8221;. A eurodeputada Margarita de la Pisa, da Espanha, tamb\u00e9m condenou a iniciativa. \u201cA MVMC \u00e9 financiada por organiza\u00e7\u00f5es que lucram com o neg\u00f3cio do aborto, como a Planned Parenthood. Os direitos das mulheres incluem a prote\u00e7\u00e3o da maternidade\u201d, declarou. Tomislav Sokol, eurodeputado croata, tamb\u00e9m se manifestou contra, enfatizando que o aborto &#8220;n\u00e3o faz parte dos direitos humanos&#8221; e que &#8220;nenhum tratado internacional reconhece o aborto como um direito, assim a Uni\u00e3o Europeia n\u00e3o pode financi\u00e1-lo&#8221;. Turismo do aborto Antes do projeto ser aprovada pelo Parlamento, a Federa\u00e7\u00e3o Europeia One Of Us, um grupo formado por 50 ONGs pr\u00f3-vida, alertou sobre o risco da iniciativa MVMC provocar um \u201cturismo do aborto\u201d na Europa. \u201cO aborto n\u00e3o \u00e9 uma quest\u00e3o que cabe \u00e0 UE decidir, e financi\u00e1-lo atrav\u00e9s do or\u00e7amento europeu violaria a soberania nacional dos Estados-membros, al\u00e9m de contornar o atual quadro jur\u00eddico, causando danos significativos ao processo de constru\u00e7\u00e3o da Uni\u00e3o\u201d, afirmou a Federa\u00e7\u00e3o, em um comunicado. Aborto de beb\u00eas com defici\u00eancia O grupo pr\u00f3-vida observou que a proposta ainda facilitaria casos de aborto de beb\u00eas com defici\u00eancia, chamado de aborto seletivo. A iniciativa refor\u00e7aria pr\u00e1ticas eug\u00eanicas e violaria o Artigo 21 da Carta dos Direitos Fundamentais da UE, que pro\u00edbe a discrimina\u00e7\u00e3o por motivo de defici\u00eancia. \u201cEm toda a Europa, as mulheres exigem apoio real \u00e0 maternidade, n\u00e3o servi\u00e7os de aborto financiados por institui\u00e7\u00f5es europeias\u201d, declarou a One Of Us. \u201cA UE deve priorizar pol\u00edticas que protejam as pessoas com defici\u00eancia e defendam a dignidade humana em todas as fases da vida&#8221;, acrescentou.<\/p>\n","protected":false},"author":1,"featured_media":10391,"comment_status":"closed","ping_status":"closed","sticky":false,"template":"","format":"standard","meta":{"footnotes":""},"categories":[11],"tags":[],"class_list":["post-10390","post","type-post","status-publish","format-standard","has-post-thumbnail","hentry","category-brasil"],"acf":[],"_links":{"self":[{"href":"https:\/\/fabricadescripts.com.br\/igrejas\/IGRE3535\/wp-json\/wp\/v2\/posts\/10390","targetHints":{"allow":["GET"]}}],"collection":[{"href":"https:\/\/fabricadescripts.com.br\/igrejas\/IGRE3535\/wp-json\/wp\/v2\/posts"}],"about":[{"href":"https:\/\/fabricadescripts.com.br\/igrejas\/IGRE3535\/wp-json\/wp\/v2\/types\/post"}],"author":[{"embeddable":true,"href":"https:\/\/fabricadescripts.com.br\/igrejas\/IGRE3535\/wp-json\/wp\/v2\/users\/1"}],"replies":[{"embeddable":true,"href":"https:\/\/fabricadescripts.com.br\/igrejas\/IGRE3535\/wp-json\/wp\/v2\/comments?post=10390"}],"version-history":[{"count":0,"href":"https:\/\/fabricadescripts.com.br\/igrejas\/IGRE3535\/wp-json\/wp\/v2\/posts\/10390\/revisions"}],"wp:featuredmedia":[{"embeddable":true,"href":"https:\/\/fabricadescripts.com.br\/igrejas\/IGRE3535\/wp-json\/wp\/v2\/media\/10391"}],"wp:attachment":[{"href":"https:\/\/fabricadescripts.com.br\/igrejas\/IGRE3535\/wp-json\/wp\/v2\/media?parent=10390"}],"wp:term":[{"taxonomy":"category","embeddable":true,"href":"https:\/\/fabricadescripts.com.br\/igrejas\/IGRE3535\/wp-json\/wp\/v2\/categories?post=10390"},{"taxonomy":"post_tag","embeddable":true,"href":"https:\/\/fabricadescripts.com.br\/igrejas\/IGRE3535\/wp-json\/wp\/v2\/tags?post=10390"}],"curies":[{"name":"wp","href":"https:\/\/api.w.org\/{rel}","templated":true}]}}