{"id":10266,"date":"2025-12-26T07:53:45","date_gmt":"2025-12-26T10:53:45","guid":{"rendered":"https:\/\/fabricadescripts.com.br\/igrejas\/IGRE3535\/entidades-judaicas-do-brasil-repudiam-ataque-na-australia-explosao-de-antissemitismo\/"},"modified":"2025-12-26T07:53:45","modified_gmt":"2025-12-26T10:53:45","slug":"entidades-judaicas-do-brasil-repudiam-ataque-na-australia-explosao-de-antissemitismo","status":"publish","type":"post","link":"https:\/\/fabricadescripts.com.br\/igrejas\/IGRE3535\/entidades-judaicas-do-brasil-repudiam-ataque-na-australia-explosao-de-antissemitismo\/","title":{"rendered":"Entidades judaicas do Brasil repudiam ataque na Austr\u00e1lia: \u2018Explos\u00e3o de antissemitismo\u2019"},"content":{"rendered":"<div>\n<p>Entidades representativas da comunidade judaica no Brasil condenaram, neste domingo (14), o<span> <strong>ataque ocorrido durante uma celebra\u00e7\u00e3o de Hanukkah<\/strong> <span>na praia de Bondi Beach, em Sydney, na Austr\u00e1lia.<\/span><\/span><\/p>\n<p>A <span><strong>Confedera\u00e7\u00e3o Israelita do Brasil <\/strong><\/span>(CONIB) e Federa\u00e7\u00e3o Israelita do Estado de S\u00e3o Paulo (Fisesp) divulgaram nota de rep\u00fadio ao ato antissemita que vitimou membros da comunidade judaica australiana.<\/p>\n<p>Segundo a pol\u00edcia, o ataque deixou 15 mortos entre os participantes; com a morte de um dos atiradores no local, o total chega a 16 v\u00edtimas fatais, al\u00e9m de dezenas de feridos encaminhados a hospitais.<\/p>\n<p>O atentado aconteceu durante o acendimento da primeira vela da festividade judaica \u201cChanukah by the Sea\u201d, e transformou um encontro comunit\u00e1rio em cen\u00e1rio de viol\u00eancia.<\/p>\n<blockquote>\n<div dir=\"ltr\" lang=\"en\">\n<p>Breaking <\/p>\n<p>\ud83c\udde6\ud83c\uddfa\u26a1\ufe0f- Incredible footage of an Australian bystander tackling one of the shooters, disarming him, and then shooting him with his own shotgun Bondi Beach, Sydney.<\/p>\n<p>Viewer discretion is STRONGLY advised. pic.twitter.com\/HjPWrQPbqA<\/p>\n<\/div>\n<p>  \u2014 Nucleus (@nucleusnewss) December 14, 2025<\/p><\/blockquote>\n<p>Em nota, a CONIB manifestou \u201cprofunda consterna\u00e7\u00e3o e solidariedade\u201d \u00e0 comunidade judaica australiana. A entidade ressaltou que um momento de celebra\u00e7\u00e3o foi brutalmente interrompido pelo \u00f3dio:<\/p>\n<p>\u201cO que deveria ser um momento de celebra\u00e7\u00e3o da vida, da f\u00e9 e da luz foi brutalmente interrompido pelo \u00f3dio. Fam\u00edlias foram atingidas, pessoas ficaram feridas e uma comunidade inteira foi marcada pela viol\u00eancia em um momento sagrado.\u201d<\/p>\n<p><strong>\u2018Explos\u00e3o de antissemitismo\u2019<\/strong><\/p>\n<p>Para a CONIB, atacar judeus enquanto celebram sua f\u00e9 representa n\u00e3o apenas um crime contra indiv\u00edduos, mas um ataque direto \u00e0 liberdade religiosa e aos valores fundamentais da conviv\u00eancia democr\u00e1tica.<\/p>\n<p>A entidade tamb\u00e9m relacionou o atentado a um cen\u00e1rio global de aumento do antissemitismo, intensificado ap\u00f3s os <span><strong>ataques do Hamas contra Israel<\/strong><\/span> em outubro de 2023.<\/p>\n<p>\u201cDesde os ataques do Hamas contra Israel em outubro de 2023, o antissemitismo explodiu pelo mundo. A campanha de vilifica\u00e7\u00e3o de Israel t\u00eam como consequ\u00eancia ataques letais contra comunidades judaicas em v\u00e1rias partes do globo, como vimos na Austr\u00e1lia agora, mas tamb\u00e9m nos EUA e na Europa\u201d, diz a nota.<\/p>\n<p>E continua: \u201cNeste momento de dor, nos unimos em luto \u00e0s v\u00edtimas, \u00e0s suas fam\u00edlias e a toda a comunidade judaica australiana. Reafirmamos nosso rep\u00fadio absoluto ao terrorismo e ao antissemitismo, em todas as suas formas, e reiteramos a urg\u00eancia de que o mundo reconhe\u00e7a e enfrente essa amea\u00e7a sem relativiza\u00e7\u00f5es ou sil\u00eancio.\u201d<\/p>\n<p><strong>\u2018\u00d3dio aberto\u2019<\/strong><\/p>\n<p>Em sua nota de rep\u00fadio, a Federa\u00e7\u00e3o Israelita expressou profunda consterna\u00e7\u00e3o diante do ataque, al\u00e9m de solidariedade \u00e0s v\u00edtimas, aos feridos e \u00e0s fam\u00edlias enlutadas.<\/p>\n<p>A entidade lembrou que, h\u00e1 dois anos, jovens judeus foram atacados durante a celebra\u00e7\u00e3o de Simchat Tor\u00e1, em 7 de outubro de 2023, e alertou que a repeti\u00e7\u00e3o da viol\u00eancia, agora em outro continente, evidencia uma escalada global do<span> <strong>antissemitismo<\/strong><\/span>.<\/p>\n<p>Para a Fisesp, atacar judeus em momentos de celebra\u00e7\u00e3o religiosa \u00e9 uma tentativa de impor o medo e restringir o direito de existir e expressar uma identidade milenar.<\/p>\n<p>\u201c\u00c9 o \u00f3dio operando de forma aberta, mirando fam\u00edlias, jovens e crian\u00e7as que estavam reunidos apenas para celebrar sua f\u00e9 e sua hist\u00f3ria\u201d, afirmou.<\/p>\n<p><strong>Apelo \u00e0s autoridades<\/strong><\/p>\n<p>Ap\u00f3s expressar sua total solidariedade \u00e0s v\u00edtimas, aos feridos, \u00e0s fam\u00edlias enlutadas e a toda a comunidade judaica da Austr\u00e1lia, a federa\u00e7\u00e3o fez ainda um apelo \u00e0s autoridades e \u00e0 sociedade internacional, afirmando que a toler\u00e2ncia ao discurso de \u00f3dio tem consequ\u00eancias reais e violentas, e que o sil\u00eancio e a relativiza\u00e7\u00e3o diante do antissemitismo custam vidas.<\/p>\n<p>Segundo a Reuters, um dos atiradores foi morto, enquanto um segundo permanece em estado cr\u00edtico. A pol\u00edcia investiga se um terceiro agressor esteve envolvido, informou o comiss\u00e1rio de pol\u00edcia de Nova Gales do Sul, Mal Lanyon, em coletiva de imprensa.<\/p>\n<p>Entre as 29 pessoas levadas ao hospital com ferimentos, estavam dois policiais, acrescentou.<\/p>\n<p>As autoridades australianas seguem investigando o ataque, enquanto refor\u00e7am a seguran\u00e7a em locais ligados \u00e0 comunidade judaica.<\/p>\n<\/div>\n","protected":false},"excerpt":{"rendered":"<p>Entidades representativas da comunidade judaica no Brasil condenaram, neste domingo (14), o ataque ocorrido durante uma celebra\u00e7\u00e3o de Hanukkah na praia de Bondi Beach, em Sydney, na Austr\u00e1lia. A Confedera\u00e7\u00e3o Israelita do Brasil (CONIB) e Federa\u00e7\u00e3o Israelita do Estado de S\u00e3o Paulo (Fisesp) divulgaram nota de rep\u00fadio ao ato antissemita que vitimou membros da comunidade judaica australiana. Segundo a pol\u00edcia, o ataque deixou 15 mortos entre os participantes; com a morte de um dos atiradores no local, o total chega a 16 v\u00edtimas fatais, al\u00e9m de dezenas de feridos encaminhados a hospitais. O atentado aconteceu durante o acendimento da primeira vela da festividade judaica \u201cChanukah by the Sea\u201d, e transformou um encontro comunit\u00e1rio em cen\u00e1rio de viol\u00eancia. Breaking \ud83c\udde6\ud83c\uddfa\u26a1\ufe0f- Incredible footage of an Australian bystander tackling one of the shooters, disarming him, and then shooting him with his own shotgun Bondi Beach, Sydney. Viewer discretion is STRONGLY advised. pic.twitter.com\/HjPWrQPbqA \u2014 Nucleus (@nucleusnewss) December 14, 2025 Em nota, a CONIB manifestou \u201cprofunda consterna\u00e7\u00e3o e solidariedade\u201d \u00e0 comunidade judaica australiana. A entidade ressaltou que um momento de celebra\u00e7\u00e3o foi brutalmente interrompido pelo \u00f3dio: \u201cO que deveria ser um momento de celebra\u00e7\u00e3o da vida, da f\u00e9 e da luz foi brutalmente interrompido pelo \u00f3dio. Fam\u00edlias foram atingidas, pessoas ficaram feridas e uma comunidade inteira foi marcada pela viol\u00eancia em um momento sagrado.\u201d \u2018Explos\u00e3o de antissemitismo\u2019 Para a CONIB, atacar judeus enquanto celebram sua f\u00e9 representa n\u00e3o apenas um crime contra indiv\u00edduos, mas um ataque direto \u00e0 liberdade religiosa e aos valores fundamentais da conviv\u00eancia democr\u00e1tica. A entidade tamb\u00e9m relacionou o atentado a um cen\u00e1rio global de aumento do antissemitismo, intensificado ap\u00f3s os ataques do Hamas contra Israel em outubro de 2023. \u201cDesde os ataques do Hamas contra Israel em outubro de 2023, o antissemitismo explodiu pelo mundo. A campanha de vilifica\u00e7\u00e3o de Israel t\u00eam como consequ\u00eancia ataques letais contra comunidades judaicas em v\u00e1rias partes do globo, como vimos na Austr\u00e1lia agora, mas tamb\u00e9m nos EUA e na Europa\u201d, diz a nota. E continua: \u201cNeste momento de dor, nos unimos em luto \u00e0s v\u00edtimas, \u00e0s suas fam\u00edlias e a toda a comunidade judaica australiana. Reafirmamos nosso rep\u00fadio absoluto ao terrorismo e ao antissemitismo, em todas as suas formas, e reiteramos a urg\u00eancia de que o mundo reconhe\u00e7a e enfrente essa amea\u00e7a sem relativiza\u00e7\u00f5es ou sil\u00eancio.\u201d \u2018\u00d3dio aberto\u2019 Em sua nota de rep\u00fadio, a Federa\u00e7\u00e3o Israelita expressou profunda consterna\u00e7\u00e3o diante do ataque, al\u00e9m de solidariedade \u00e0s v\u00edtimas, aos feridos e \u00e0s fam\u00edlias enlutadas. A entidade lembrou que, h\u00e1 dois anos, jovens judeus foram atacados durante a celebra\u00e7\u00e3o de Simchat Tor\u00e1, em 7 de outubro de 2023, e alertou que a repeti\u00e7\u00e3o da viol\u00eancia, agora em outro continente, evidencia uma escalada global do antissemitismo. Para a Fisesp, atacar judeus em momentos de celebra\u00e7\u00e3o religiosa \u00e9 uma tentativa de impor o medo e restringir o direito de existir e expressar uma identidade milenar. \u201c\u00c9 o \u00f3dio operando de forma aberta, mirando fam\u00edlias, jovens e crian\u00e7as que estavam reunidos apenas para celebrar sua f\u00e9 e sua hist\u00f3ria\u201d, afirmou. Apelo \u00e0s autoridades Ap\u00f3s expressar sua total solidariedade \u00e0s v\u00edtimas, aos feridos, \u00e0s fam\u00edlias enlutadas e a toda a comunidade judaica da Austr\u00e1lia, a federa\u00e7\u00e3o fez ainda um apelo \u00e0s autoridades e \u00e0 sociedade internacional, afirmando que a toler\u00e2ncia ao discurso de \u00f3dio tem consequ\u00eancias reais e violentas, e que o sil\u00eancio e a relativiza\u00e7\u00e3o diante do antissemitismo custam vidas. Segundo a Reuters, um dos atiradores foi morto, enquanto um segundo permanece em estado cr\u00edtico. A pol\u00edcia investiga se um terceiro agressor esteve envolvido, informou o comiss\u00e1rio de pol\u00edcia de Nova Gales do Sul, Mal Lanyon, em coletiva de imprensa. Entre as 29 pessoas levadas ao hospital com ferimentos, estavam dois policiais, acrescentou. As autoridades australianas seguem investigando o ataque, enquanto refor\u00e7am a seguran\u00e7a em locais ligados \u00e0 comunidade judaica.<\/p>\n","protected":false},"author":1,"featured_media":10267,"comment_status":"closed","ping_status":"closed","sticky":false,"template":"","format":"standard","meta":{"footnotes":""},"categories":[13],"tags":[],"class_list":["post-10266","post","type-post","status-publish","format-standard","has-post-thumbnail","hentry","category-israel"],"acf":[],"_links":{"self":[{"href":"https:\/\/fabricadescripts.com.br\/igrejas\/IGRE3535\/wp-json\/wp\/v2\/posts\/10266","targetHints":{"allow":["GET"]}}],"collection":[{"href":"https:\/\/fabricadescripts.com.br\/igrejas\/IGRE3535\/wp-json\/wp\/v2\/posts"}],"about":[{"href":"https:\/\/fabricadescripts.com.br\/igrejas\/IGRE3535\/wp-json\/wp\/v2\/types\/post"}],"author":[{"embeddable":true,"href":"https:\/\/fabricadescripts.com.br\/igrejas\/IGRE3535\/wp-json\/wp\/v2\/users\/1"}],"replies":[{"embeddable":true,"href":"https:\/\/fabricadescripts.com.br\/igrejas\/IGRE3535\/wp-json\/wp\/v2\/comments?post=10266"}],"version-history":[{"count":0,"href":"https:\/\/fabricadescripts.com.br\/igrejas\/IGRE3535\/wp-json\/wp\/v2\/posts\/10266\/revisions"}],"wp:featuredmedia":[{"embeddable":true,"href":"https:\/\/fabricadescripts.com.br\/igrejas\/IGRE3535\/wp-json\/wp\/v2\/media\/10267"}],"wp:attachment":[{"href":"https:\/\/fabricadescripts.com.br\/igrejas\/IGRE3535\/wp-json\/wp\/v2\/media?parent=10266"}],"wp:term":[{"taxonomy":"category","embeddable":true,"href":"https:\/\/fabricadescripts.com.br\/igrejas\/IGRE3535\/wp-json\/wp\/v2\/categories?post=10266"},{"taxonomy":"post_tag","embeddable":true,"href":"https:\/\/fabricadescripts.com.br\/igrejas\/IGRE3535\/wp-json\/wp\/v2\/tags?post=10266"}],"curies":[{"name":"wp","href":"https:\/\/api.w.org\/{rel}","templated":true}]}}